{"id":19218,"date":"2023-09-04T14:15:15","date_gmt":"2023-09-04T14:15:15","guid":{"rendered":"http:\/\/bahai.be\/?p=19218"},"modified":"2023-10-24T14:17:30","modified_gmt":"2023-10-24T14:17:30","slug":"luettich-retrouvailles-wochenende","status":"publish","type":"post","link":"https:\/\/bahai.be\/de\/luettich-retrouvailles-wochenende\/","title":{"rendered":"L\u00fcttich, &#8222;Retrouvailles&#8220; Wochenende"},"content":{"rendered":"<p style=\"text-align: justify;\"><img loading=\"lazy\" decoding=\"async\" class=\"size-medium wp-image-19210 alignright\" src=\"http:\/\/bahai.be\/wp-content\/uploads\/2023\/10\/retrouvailles-300x225.jpg\" alt=\"\" width=\"300\" height=\"225\" srcset=\"https:\/\/bahai.be\/wp-content\/uploads\/2023\/10\/retrouvailles-300x225.jpg 300w, https:\/\/bahai.be\/wp-content\/uploads\/2023\/10\/retrouvailles-1024x768.jpg 1024w, https:\/\/bahai.be\/wp-content\/uploads\/2023\/10\/retrouvailles-768x576.jpg 768w, https:\/\/bahai.be\/wp-content\/uploads\/2023\/10\/retrouvailles-1536x1152.jpg 1536w, https:\/\/bahai.be\/wp-content\/uploads\/2023\/10\/retrouvailles-2048x1536.jpg 2048w, https:\/\/bahai.be\/wp-content\/uploads\/2023\/10\/retrouvailles-800x600.jpg 800w, https:\/\/bahai.be\/wp-content\/uploads\/2023\/10\/retrouvailles-700x525.jpg 700w\" sizes=\"auto, (max-width: 300px) 100vw, 300px\" \/>L\u00dcTTICH &#8211; Am 2. und 3. September organisierte die Stadt L\u00fcttich im Parc de la Boverie die soziokulturelle Veranstaltung &#8222;<a href=\"https:\/\/retrouvailles.be\/fr\">Retrouvailles<\/a>&#8222;. Die Veranstaltung empf\u00e4ngt am ersten Septemberwochenende jedes Jahres rund 100 Aussteller aus dem Vereinswesen und fast 30.000 Besucher.<\/p>\n<p style=\"text-align: justify;\">Seit 30 Jahren nehmen die Bah\u00e1&#8217;\u00ed von L\u00fcttich an dieser Aktivit\u00e4t teil, die der \u00d6ffentlichkeit die M\u00f6glichkeit bietet, den Glauben und die konkreten Aktionen der Bah\u00e1&#8217;\u00ed zur F\u00f6rderung von Einheit, Gerechtigkeit und Frieden in der Welt zu entdecken. Auch in diesem Jahr erm\u00f6glichte der von unseren Freunden aus L\u00fcttich betreute Stand sch\u00f6ne Begegnungen und den Austausch \u00fcber ebenso vielf\u00e4ltige wie relevante Fragen.<\/p>\n<p>&nbsp;<\/p>\n<p style=\"text-align: justify;\"><img loading=\"lazy\" decoding=\"async\" class=\"size-medium wp-image-19215 alignleft\" src=\"http:\/\/bahai.be\/wp-content\/uploads\/2023\/10\/PHOTO-2-CAUSERIE-300x226.jpg\" alt=\"\" width=\"300\" height=\"226\" srcset=\"https:\/\/bahai.be\/wp-content\/uploads\/2023\/10\/PHOTO-2-CAUSERIE-300x226.jpg 300w, https:\/\/bahai.be\/wp-content\/uploads\/2023\/10\/PHOTO-2-CAUSERIE-1024x771.jpg 1024w, https:\/\/bahai.be\/wp-content\/uploads\/2023\/10\/PHOTO-2-CAUSERIE-768x578.jpg 768w, https:\/\/bahai.be\/wp-content\/uploads\/2023\/10\/PHOTO-2-CAUSERIE-1536x1157.jpg 1536w, https:\/\/bahai.be\/wp-content\/uploads\/2023\/10\/PHOTO-2-CAUSERIE-2048x1542.jpg 2048w, https:\/\/bahai.be\/wp-content\/uploads\/2023\/10\/PHOTO-2-CAUSERIE-800x600.jpg 800w, https:\/\/bahai.be\/wp-content\/uploads\/2023\/10\/PHOTO-2-CAUSERIE-700x527.jpg 700w\" sizes=\"auto, (max-width: 300px) 100vw, 300px\" \/>Im Anschluss an diese Veranstaltung fand am 8. September eine &#8222;Causerie&#8220; statt, an der etwa 20 Personen teilnahmen. Das Thema lautete: &#8222;Auf dem Pfad der neuen Weltordnung &#8211; Eine Bah\u00e1&#8217;\u00ed-Perspektive&#8220; und behandelte eine Reihe gesellschaftlicher Fragen wie zunehmende Ungleichheit, Klimawandel, Konflikte, Rassismus, religi\u00f6ser Fundamentalismus usw. sowie die Bewusstwerdung ihrer globalen Dimension durch die Gesellschaft. Darauf folgte eine Reflexion dar\u00fcber, welche Antwort jeder von uns darauf geben kann, um so zum Erreichen eines dauerhaften universellen Friedens beizutragen.<\/p>\n","protected":false},"excerpt":{"rendered":"<p>L\u00dcTTICH &#8211; Am 2. und 3. September organisierte die Stadt L\u00fcttich im Parc de la Boverie die soziokulturelle Veranstaltung &#8222;Retrouvailles&#8222;. Die Veranstaltung empf\u00e4ngt am ersten Septemberwochenende jedes Jahres rund 100 Aussteller aus dem Vereinswesen und fast 30.000 Besucher. Seit 30 Jahren nehmen die Bah\u00e1&#8217;\u00ed von L\u00fcttich an dieser Aktivit\u00e4t teil, die der \u00d6ffentlichkeit die M\u00f6glichkeit bietet, den Glauben und die konkreten Aktionen der Bah\u00e1&#8217;\u00ed zur F\u00f6rderung von Einheit, Gerechtigkeit und Frieden in der Welt zu entdecken. Auch in diesem Jahr erm\u00f6glichte der von unseren Freunden aus L\u00fcttich betreute Stand sch\u00f6ne Begegnungen und den Austausch \u00fcber ebenso vielf\u00e4ltige wie relevante Fragen. &nbsp; Im Anschluss an diese Veranstaltung fand am 8. September eine &#8222;Causerie&#8220; statt, an der etwa 20 Personen teilnahmen. Das Thema lautete: &#8222;Auf dem Pfad der neuen Weltordnung &#8211; Eine Bah\u00e1&#8217;\u00ed-Perspektive&#8220; und behandelte eine Reihe gesellschaftlicher Fragen wie zunehmende Ungleichheit, Klimawandel, Konflikte, Rassismus, religi\u00f6ser Fundamentalismus usw. sowie die Bewusstwerdung ihrer&#8230;<\/p>\n","protected":false},"author":3,"featured_media":0,"comment_status":"open","ping_status":"closed","sticky":false,"template":"","format":"standard","meta":{"footnotes":""},"categories":[120],"tags":[],"class_list":["post-19218","post","type-post","status-publish","format-standard","hentry","category-belgien"],"_links":{"self":[{"href":"https:\/\/bahai.be\/de\/wp-json\/wp\/v2\/posts\/19218","targetHints":{"allow":["GET"]}}],"collection":[{"href":"https:\/\/bahai.be\/de\/wp-json\/wp\/v2\/posts"}],"about":[{"href":"https:\/\/bahai.be\/de\/wp-json\/wp\/v2\/types\/post"}],"author":[{"embeddable":true,"href":"https:\/\/bahai.be\/de\/wp-json\/wp\/v2\/users\/3"}],"replies":[{"embeddable":true,"href":"https:\/\/bahai.be\/de\/wp-json\/wp\/v2\/comments?post=19218"}],"version-history":[{"count":1,"href":"https:\/\/bahai.be\/de\/wp-json\/wp\/v2\/posts\/19218\/revisions"}],"predecessor-version":[{"id":19219,"href":"https:\/\/bahai.be\/de\/wp-json\/wp\/v2\/posts\/19218\/revisions\/19219"}],"wp:attachment":[{"href":"https:\/\/bahai.be\/de\/wp-json\/wp\/v2\/media?parent=19218"}],"wp:term":[{"taxonomy":"category","embeddable":true,"href":"https:\/\/bahai.be\/de\/wp-json\/wp\/v2\/categories?post=19218"},{"taxonomy":"post_tag","embeddable":true,"href":"https:\/\/bahai.be\/de\/wp-json\/wp\/v2\/tags?post=19218"}],"curies":[{"name":"wp","href":"https:\/\/api.w.org\/{rel}","templated":true}]}}