{"id":19236,"date":"2019-10-30T11:34:21","date_gmt":"2019-10-30T11:34:21","guid":{"rendered":"http:\/\/bahai.be\/?p=19236"},"modified":"2023-10-25T11:38:29","modified_gmt":"2023-10-25T11:38:29","slug":"200-jahrestag-der-geburt-des-bab","status":"publish","type":"post","link":"https:\/\/bahai.be\/de\/200-jahrestag-der-geburt-des-bab\/","title":{"rendered":"200. Jahrestag der Geburt des B\u00e1b"},"content":{"rendered":"<p style=\"text-align: justify;\">Am 29. und 30. Oktober 2019 feierten Menschen an unz\u00e4hligen Orten auf der ganzen Welt den 200. Jahrestag der Geburt des B\u00e1b, dessen belebende Botschaft den Weg f\u00fcr das Kommen von Bah\u00e1&#8217;u&#8217;ll\u00e1h, dem Gr\u00fcnder des Bah\u00e1&#8217;\u00ed-Glaubens, bereitete.<\/p>\n<p style=\"text-align: justify;\">Das Weltzentrum im Heiligen Land hat zu diesem Anlass einen Film ver\u00f6ffentlicht, den Sie hier ansehen k\u00f6nnen. Diesem historischen Ereignis wurde auch eine eigene Webseite gewidmet.<\/p>\n<p>&nbsp;<\/p>\n<p><iframe loading=\"lazy\" title=\"Dawn of the Light\" width=\"1060\" height=\"596\" src=\"https:\/\/www.youtube.com\/embed\/0h9hLL3JFnI?feature=oembed\" frameborder=\"0\" allow=\"accelerometer; autoplay; clipboard-write; encrypted-media; gyroscope; picture-in-picture; web-share\" allowfullscreen><\/iframe><\/p>\n","protected":false},"excerpt":{"rendered":"<p>Am 29. und 30. Oktober 2019 feierten Menschen an unz\u00e4hligen Orten auf der ganzen Welt den 200. Jahrestag der Geburt des B\u00e1b, dessen belebende Botschaft den Weg f\u00fcr das Kommen von Bah\u00e1&#8217;u&#8217;ll\u00e1h, dem Gr\u00fcnder des Bah\u00e1&#8217;\u00ed-Glaubens, bereitete. Das Weltzentrum im Heiligen Land hat zu diesem Anlass einen Film ver\u00f6ffentlicht, den Sie hier ansehen k\u00f6nnen. Diesem historischen Ereignis wurde auch eine eigene Webseite gewidmet. &nbsp;<\/p>\n","protected":false},"author":3,"featured_media":0,"comment_status":"open","ping_status":"closed","sticky":false,"template":"","format":"standard","meta":{"footnotes":""},"categories":[120,118],"tags":[],"class_list":["post-19236","post","type-post","status-publish","format-standard","hentry","category-belgien","category-international-2"],"_links":{"self":[{"href":"https:\/\/bahai.be\/de\/wp-json\/wp\/v2\/posts\/19236","targetHints":{"allow":["GET"]}}],"collection":[{"href":"https:\/\/bahai.be\/de\/wp-json\/wp\/v2\/posts"}],"about":[{"href":"https:\/\/bahai.be\/de\/wp-json\/wp\/v2\/types\/post"}],"author":[{"embeddable":true,"href":"https:\/\/bahai.be\/de\/wp-json\/wp\/v2\/users\/3"}],"replies":[{"embeddable":true,"href":"https:\/\/bahai.be\/de\/wp-json\/wp\/v2\/comments?post=19236"}],"version-history":[{"count":1,"href":"https:\/\/bahai.be\/de\/wp-json\/wp\/v2\/posts\/19236\/revisions"}],"predecessor-version":[{"id":19237,"href":"https:\/\/bahai.be\/de\/wp-json\/wp\/v2\/posts\/19236\/revisions\/19237"}],"wp:attachment":[{"href":"https:\/\/bahai.be\/de\/wp-json\/wp\/v2\/media?parent=19236"}],"wp:term":[{"taxonomy":"category","embeddable":true,"href":"https:\/\/bahai.be\/de\/wp-json\/wp\/v2\/categories?post=19236"},{"taxonomy":"post_tag","embeddable":true,"href":"https:\/\/bahai.be\/de\/wp-json\/wp\/v2\/tags?post=19236"}],"curies":[{"name":"wp","href":"https:\/\/api.w.org\/{rel}","templated":true}]}}