{"id":19000,"date":"2022-09-19T14:36:25","date_gmt":"2022-09-19T14:36:25","guid":{"rendered":"http:\/\/bahai.be\/?p=19000"},"modified":"2023-10-08T13:33:49","modified_gmt":"2023-10-08T13:33:49","slug":"a-quelques-semaines-de-la-coupe-du-monde-un-appel-est-lance-a-lemir-du-qatar-pour-mettre-fin-aux-discriminations-religieuses-contre-les-bahais","status":"publish","type":"post","link":"https:\/\/bahai.be\/fr\/a-quelques-semaines-de-la-coupe-du-monde-un-appel-est-lance-a-lemir-du-qatar-pour-mettre-fin-aux-discriminations-religieuses-contre-les-bahais\/","title":{"rendered":"\u00c0 quelques semaines de la coupe du monde, un appel est lanc\u00e9 \u00e0 l&rsquo;Emir du Qatar pour  mettre fin aux discriminations religieuses contre les bah\u00e1&rsquo;is"},"content":{"rendered":"<p align=\"justify\"><span style=\"font-family: Gill Sans MT, serif;\"><span style=\"font-size: medium;\"><span style=\"font-family: Calibri, serif;\"><img loading=\"lazy\" decoding=\"async\" class=\" wp-image-19022 alignleft\" src=\"http:\/\/bahai.be\/wp-content\/uploads\/2022\/09\/twitterQatar-300x300.jpg\" alt=\"\" width=\"432\" height=\"432\" srcset=\"https:\/\/bahai.be\/wp-content\/uploads\/2022\/09\/twitterQatar-300x300.jpg 300w, https:\/\/bahai.be\/wp-content\/uploads\/2022\/09\/twitterQatar-1024x1022.jpg 1024w, https:\/\/bahai.be\/wp-content\/uploads\/2022\/09\/twitterQatar-150x150.jpg 150w, https:\/\/bahai.be\/wp-content\/uploads\/2022\/09\/twitterQatar-768x767.jpg 768w, https:\/\/bahai.be\/wp-content\/uploads\/2022\/09\/twitterQatar-570x570.jpg 570w, https:\/\/bahai.be\/wp-content\/uploads\/2022\/09\/twitterQatar-500x500.jpg 500w, https:\/\/bahai.be\/wp-content\/uploads\/2022\/09\/twitterQatar-1000x1000.jpg 1000w, https:\/\/bahai.be\/wp-content\/uploads\/2022\/09\/twitterQatar-700x699.jpg 700w, https:\/\/bahai.be\/wp-content\/uploads\/2022\/09\/twitterQatar.jpg 1214w\" sizes=\"auto, (max-width: 432px) 100vw, 432px\" \/><\/span><\/span><\/span>Bruxelles, le 16 septembre 2022 \u2013 La communaut\u00e9 bah\u00e1\u2019\u00ede de Belgique a remis hier matin une lettre adress\u00e9e \u00e0 Son Altesse Cheikh Tamim Bin Hamad Al Thani, l&rsquo;\u00c9mir de l&rsquo;\u00c9tat du Qatar, exprimant les pr\u00e9occupations des bah\u00e1\u2019\u00eds de Belgique face \u00e0 la discrimination, aux restrictions, et aux violations des droits de l&rsquo;homme que subissent leurs coreligionnaires au Qatar depuis des d\u00e9cennies, et lui demandant d&rsquo;intervenir au nom des bah\u00e1\u2019\u00eds dans son pays.<\/p>\n<p align=\"justify\">La lettre a \u00e9t\u00e9 remise en main propre \u00e0 l\u2019ambassade du Qatar \u00e0 Bruxelles, par une repr\u00e9sentante des bah\u00e1\u2019\u00eds de Belgique.<\/p>\n<p align=\"justify\">Cette mesure a \u00e9t\u00e9 prise apr\u00e8s avoir constat\u00e9 l&rsquo;aggravation de la discrimination et des restrictions \u00e0 l&rsquo;encontre de la communaut\u00e9 bah\u00e1&rsquo;\u00ede au Qatar. Des millions de bah\u00e1\u2019\u00eds vivent dans presque tous les pays du monde et \u0153uvrent \u00e0 l\u2019unit\u00e9 de l\u2019humanit\u00e9 et l\u2019unit\u00e9 des religions.<\/p>\n<p align=\"justify\">\u00ab Depuis plusieurs ann\u00e9es nous observons un sch\u00e9ma alarmant de discrimination et de violations des droits humains contre les bah\u00e1\u2019\u00eds au Qatar \u00bb, d\u00e9clare Annemie Vanormelingen, repr\u00e9sentante des bah\u00e1\u2019\u00eds de Belgique. \u00ab Transmettre ces pr\u00e9occupations \u00e0 l&rsquo;\u00c9mir de l&rsquo;\u00c9tat du Qatar, par \u00e9crit, t\u00e9moigne de la gravit\u00e9 de ce moment. Nous risquons de voir l&rsquo;\u00e9limination d&rsquo;une autre minorit\u00e9 religieuse d&rsquo;un pays du Moyen-Orient. C\u2019est pourquoi tous les bah\u00e1\u2019\u00eds de Belgique esp\u00e8rent que Son Altesse, l&rsquo;\u00c9mir, pourra intervenir au nom de leurs coreligionnaires avant qu&rsquo;ils ne soient expuls\u00e9s de sa terre. \u00bb<\/p>\n<p align=\"justify\">Les bah\u00e1\u2019\u00eds r\u00e9sident au Qatar depuis plus de 70 ans, avant m\u00eame l&rsquo;ind\u00e9pendance de l&rsquo;\u00c9tat du Qatar, mais malgr\u00e9 cette longue pr\u00e9sence, ils ont connu des d\u00e9cennies de discrimination.<\/p>\n<p align=\"justify\">Les autorit\u00e9s qatariennes ont tent\u00e9 syst\u00e9matiquement, pendant de nombreuses ann\u00e9es, d&rsquo;expulser les bah\u00e1\u2019\u00eds du Qatar en les inscrivant notamment sur une liste noire et d\u00e9livrant des ordres d\u2019expulsion, et en leur refusant des licences commerciales ou des permis de travail m\u00eame lorsqu&rsquo;ils avaient d\u00e9j\u00e0 re\u00e7u des offres d&#8217;emploi d&rsquo;entreprises qatariennes. Un certain nombre de bah\u00e1\u2019\u00eds se sont vu \u00e9galement refuser des \u00ab\u00a0certificats de bonne conduite\u00a0\u00bb &#8211; bien qu&rsquo;ils n&rsquo;aient rien fait de mal &#8211; ce qui les disqualifie alors d\u2019acc\u00e8s \u00e0 l&#8217;emploi ou d&rsquo;autres aspects de la vie.<\/p>\n<p align=\"justify\">Quelques bah\u00e1\u2019\u00eds au Qatar ont m\u00eame fait face \u00e0 des accusations criminelles et de s\u00e9curit\u00e9 nationale non pr\u00e9cis\u00e9es et fausses. Les listes noires et les expulsions ont s\u00e9par\u00e9 les couples mari\u00e9s et les familles et ont contraint certains citoyens qatariens \u00e0 quitter leur pays d&rsquo;origine pour ne pas \u00eatre s\u00e9par\u00e9s de leurs conjoints non qatariens.<\/p>\n<p align=\"justify\">Les bah\u00e1&rsquo;\u00eds du Qatar se sont \u00e9galement vu interdire le droit de travailler dans des secteurs dits \u00ab sensibles \u00bb, en particulier le secteur de l&rsquo;\u00e9ducation, bien qu&rsquo;ils aient travaill\u00e9 et contribu\u00e9 pendant des d\u00e9cennies au secteur m\u00e9dical, \u00e0 la banque, \u00e0 l&rsquo;ing\u00e9nierie, aux sports, aux m\u00e9dias, \u00e0 l&rsquo;entrepreneuriat, aux politiques publiques, au p\u00e9trole et gaz, l&rsquo;artisanat et les m\u00e9tiers, la justice, la sant\u00e9 et la s\u00e9curit\u00e9, et les arts.<\/p>\n<p align=\"justify\">La discrimination a une ressemblance frappante avec le traitement auquel les bah\u00e1\u2019\u00eds sont confront\u00e9s en Iran et au Y\u00e9men. La plupart des bah\u00e1\u2019\u00eds du Qatar qui ont \u00e9t\u00e9 mis sur liste noire et expuls\u00e9s sont n\u00e9s et ont grandi dans le pays, dans des familles qui y vivent depuis des g\u00e9n\u00e9rations et qui n&rsquo;ont connu aucune autre maison.<\/p>\n<p align=\"justify\">Un rapport de 2019 des rapporteurs sp\u00e9ciaux des Nations unies sur les questions des minorit\u00e9s et la libert\u00e9 de religion ou de conviction a d\u00e9clar\u00e9 que le Qatar \u00ab portait atteinte aux droits de l&rsquo;homme dans les domaines de la religion et de la culture \u00bb, faisant r\u00e9f\u00e9rence \u00e0 la situation des bah\u00e1\u2019\u00eds, dans \u00ab ce qui semble \u00eatre un sch\u00e9ma inqui\u00e9tant de discrimination \u00e0 l&rsquo;encontre des individus en raison de leur religion ou de leurs convictions \u00bb.<\/p>\n<p align=\"justify\">Les rapporteurs sp\u00e9ciaux ont ajout\u00e9 qu&rsquo;ils \u00e9taient \u00ab particuli\u00e8rement pr\u00e9occup\u00e9s par l&rsquo;expulsion et l&rsquo;inscription sur une liste noire d&rsquo;individus en raison de leur appartenance \u00e0 une religion minoritaire \u00bb.<\/p>\n","protected":false},"excerpt":{"rendered":"<p>Bruxelles, le 16 septembre 2022 \u2013 La communaut\u00e9 bah\u00e1\u2019\u00ede de Belgique a remis hier matin une lettre adress\u00e9e \u00e0 Son Altesse Cheikh Tamim Bin Hamad Al Thani, l&rsquo;\u00c9mir de l&rsquo;\u00c9tat du Qatar, exprimant les pr\u00e9occupations des bah\u00e1\u2019\u00eds de Belgique face \u00e0 la discrimination, aux restrictions, et aux violations des droits de l&rsquo;homme que subissent leurs coreligionnaires au Qatar depuis des d\u00e9cennies, et lui demandant d&rsquo;intervenir au nom des bah\u00e1\u2019\u00eds dans son pays. La lettre a \u00e9t\u00e9 remise en main propre \u00e0 l\u2019ambassade du Qatar \u00e0 Bruxelles, par une repr\u00e9sentante des bah\u00e1\u2019\u00eds de Belgique. Cette mesure a \u00e9t\u00e9 prise apr\u00e8s avoir constat\u00e9 l&rsquo;aggravation de la discrimination et des restrictions \u00e0 l&rsquo;encontre de la communaut\u00e9 bah\u00e1&rsquo;\u00ede au Qatar. Des millions de bah\u00e1\u2019\u00eds vivent dans presque tous les pays du monde et \u0153uvrent \u00e0 l\u2019unit\u00e9 de l\u2019humanit\u00e9 et l\u2019unit\u00e9 des religions. \u00ab Depuis plusieurs ann\u00e9es nous observons un sch\u00e9ma alarmant de discrimination et&#8230;<\/p>\n","protected":false},"author":1,"featured_media":0,"comment_status":"open","ping_status":"closed","sticky":false,"template":"","format":"standard","meta":{"footnotes":""},"categories":[119,116],"tags":[],"class_list":["post-19000","post","type-post","status-publish","format-standard","hentry","category-belgium","category-international"],"_links":{"self":[{"href":"https:\/\/bahai.be\/fr\/wp-json\/wp\/v2\/posts\/19000","targetHints":{"allow":["GET"]}}],"collection":[{"href":"https:\/\/bahai.be\/fr\/wp-json\/wp\/v2\/posts"}],"about":[{"href":"https:\/\/bahai.be\/fr\/wp-json\/wp\/v2\/types\/post"}],"author":[{"embeddable":true,"href":"https:\/\/bahai.be\/fr\/wp-json\/wp\/v2\/users\/1"}],"replies":[{"embeddable":true,"href":"https:\/\/bahai.be\/fr\/wp-json\/wp\/v2\/comments?post=19000"}],"version-history":[{"count":8,"href":"https:\/\/bahai.be\/fr\/wp-json\/wp\/v2\/posts\/19000\/revisions"}],"predecessor-version":[{"id":19111,"href":"https:\/\/bahai.be\/fr\/wp-json\/wp\/v2\/posts\/19000\/revisions\/19111"}],"wp:attachment":[{"href":"https:\/\/bahai.be\/fr\/wp-json\/wp\/v2\/media?parent=19000"}],"wp:term":[{"taxonomy":"category","embeddable":true,"href":"https:\/\/bahai.be\/fr\/wp-json\/wp\/v2\/categories?post=19000"},{"taxonomy":"post_tag","embeddable":true,"href":"https:\/\/bahai.be\/fr\/wp-json\/wp\/v2\/tags?post=19000"}],"curies":[{"name":"wp","href":"https:\/\/api.w.org\/{rel}","templated":true}]}}