{"id":19080,"date":"2023-09-17T13:08:20","date_gmt":"2023-09-17T13:08:20","guid":{"rendered":"http:\/\/bahai.be\/?p=19080"},"modified":"2023-10-08T14:12:59","modified_gmt":"2023-10-08T14:12:59","slug":"world-cleanup-day","status":"publish","type":"post","link":"https:\/\/bahai.be\/fr\/world-cleanup-day\/","title":{"rendered":"World Cleanup Day"},"content":{"rendered":"<p><img loading=\"lazy\" decoding=\"async\" class=\"wp-image-19081 alignright\" src=\"http:\/\/bahai.be\/wp-content\/uploads\/2023\/10\/PHOTO-1-1-225x300.jpeg\" alt=\"\" width=\"229\" height=\"306\" srcset=\"https:\/\/bahai.be\/wp-content\/uploads\/2023\/10\/PHOTO-1-1-225x300.jpeg 225w, https:\/\/bahai.be\/wp-content\/uploads\/2023\/10\/PHOTO-1-1-768x1024.jpeg 768w, https:\/\/bahai.be\/wp-content\/uploads\/2023\/10\/PHOTO-1-1-1152x1536.jpeg 1152w, https:\/\/bahai.be\/wp-content\/uploads\/2023\/10\/PHOTO-1-1-600x800.jpeg 600w, https:\/\/bahai.be\/wp-content\/uploads\/2023\/10\/PHOTO-1-1-700x933.jpeg 700w, https:\/\/bahai.be\/wp-content\/uploads\/2023\/10\/PHOTO-1-1.jpeg 1440w\" sizes=\"auto, (max-width: 229px) 100vw, 229px\" \/><\/p>\n<p style=\"text-align: justify;\">Brussel \u2013 17 septembre 2023 &#8211; Le 16 septembre dernier, \u00e0 l\u2019occasion de la Journ\u00e9e mondiale et citoyenne de la Propret\u00e9 2023 (<strong>World Cleanup Day<\/strong>) une trentaine de jeunes de nos classes d\u2019enfants et des groupes de pr\u00e9jeunes des communes de Bruxelles et Ixelles ont arpent\u00e9 les rues dans le cadre d\u2019une grande op\u00e9ration de nettoyage.<\/p>\n<p>&nbsp;<\/p>\n<p>&nbsp;<\/p>\n<p style=\"text-align: justify;\"><em>\u00ab\u00a0<\/em><em>L&rsquo;am\u00e9lioration du monde peut s&rsquo;accomplir par des actes purs et bons<\/em><em> \u00bb.<\/em> Cette citation de <a href=\"http:\/\/bahai.be\/fr\/who-we-are\/#Bah\u00e1\u2019u\u2019ll\u00e1h\">Baha&rsquo;u&rsquo;llah<\/a>, le fondateur de la foi bah\u00e1\u2019\u00ede, inscrite sur leurs gilets, rappelaient aux enfants que par des actes de service aussi petits soient-ils, ils peuvent contribuer de mani\u00e8re concr\u00e8te au bien-\u00eatre physique de leurs communaut\u00e9s, qu\u2019ils sont acteurs du changement.<\/p>\n<p>&nbsp;<\/p>\n<p><img loading=\"lazy\" decoding=\"async\" class=\"alignnone wp-image-19086\" src=\"http:\/\/bahai.be\/wp-content\/uploads\/2023\/10\/PHOTO-2-1-300x169.jpeg\" alt=\"\" width=\"576\" height=\"324\" srcset=\"https:\/\/bahai.be\/wp-content\/uploads\/2023\/10\/PHOTO-2-1-300x169.jpeg 300w, https:\/\/bahai.be\/wp-content\/uploads\/2023\/10\/PHOTO-2-1-1024x576.jpeg 1024w, https:\/\/bahai.be\/wp-content\/uploads\/2023\/10\/PHOTO-2-1-768x432.jpeg 768w, https:\/\/bahai.be\/wp-content\/uploads\/2023\/10\/PHOTO-2-1-1536x864.jpeg 1536w, https:\/\/bahai.be\/wp-content\/uploads\/2023\/10\/PHOTO-2-1-700x394.jpeg 700w, https:\/\/bahai.be\/wp-content\/uploads\/2023\/10\/PHOTO-2-1-539x303.jpeg 539w, https:\/\/bahai.be\/wp-content\/uploads\/2023\/10\/PHOTO-2-1.jpeg 1920w\" sizes=\"auto, (max-width: 576px) 100vw, 576px\" \/> <img loading=\"lazy\" decoding=\"async\" class=\"alignnone wp-image-19091\" src=\"http:\/\/bahai.be\/wp-content\/uploads\/2023\/10\/PHOTO-3-300x225.jpeg\" alt=\"\" width=\"432\" height=\"324\" srcset=\"https:\/\/bahai.be\/wp-content\/uploads\/2023\/10\/PHOTO-3-300x225.jpeg 300w, https:\/\/bahai.be\/wp-content\/uploads\/2023\/10\/PHOTO-3-1024x768.jpeg 1024w, https:\/\/bahai.be\/wp-content\/uploads\/2023\/10\/PHOTO-3-768x576.jpeg 768w, https:\/\/bahai.be\/wp-content\/uploads\/2023\/10\/PHOTO-3-1536x1152.jpeg 1536w, https:\/\/bahai.be\/wp-content\/uploads\/2023\/10\/PHOTO-3-2048x1536.jpeg 2048w, https:\/\/bahai.be\/wp-content\/uploads\/2023\/10\/PHOTO-3-800x600.jpeg 800w, https:\/\/bahai.be\/wp-content\/uploads\/2023\/10\/PHOTO-3-700x525.jpeg 700w\" sizes=\"auto, (max-width: 432px) 100vw, 432px\" \/><\/p>\n<p>&nbsp;<\/p>\n<p style=\"text-align: justify;\">Cette op\u00e9ration de nettoyage, initi\u00e9e par les autorit\u00e9s de la ville, a \u00e9t\u00e9 accueillie tr\u00e8s positivement par les habitants, parfois surpris par tant d\u2019enthousiasme de la part de nos jeunes. Ce type d\u2019actions permet ainsi de sensibiliser les habitants des quartiers sur leur responsabilit\u00e9 en tant que membre d\u2019une communaut\u00e9 en suivant l\u2019exemple de la jeunesse.<\/p>\n<p>&nbsp;<\/p>\n<p><img loading=\"lazy\" decoding=\"async\" class=\"alignnone wp-image-19101 size-full\" src=\"http:\/\/bahai.be\/wp-content\/uploads\/2023\/10\/PHOTO-4-1.jpeg\" alt=\"\" width=\"1920\" height=\"1057\" srcset=\"https:\/\/bahai.be\/wp-content\/uploads\/2023\/10\/PHOTO-4-1.jpeg 1920w, https:\/\/bahai.be\/wp-content\/uploads\/2023\/10\/PHOTO-4-1-300x165.jpeg 300w, https:\/\/bahai.be\/wp-content\/uploads\/2023\/10\/PHOTO-4-1-1024x564.jpeg 1024w, https:\/\/bahai.be\/wp-content\/uploads\/2023\/10\/PHOTO-4-1-768x423.jpeg 768w, https:\/\/bahai.be\/wp-content\/uploads\/2023\/10\/PHOTO-4-1-1536x846.jpeg 1536w, https:\/\/bahai.be\/wp-content\/uploads\/2023\/10\/PHOTO-4-1-700x385.jpeg 700w\" sizes=\"auto, (max-width: 1920px) 100vw, 1920px\" \/><\/p>\n<p>&nbsp;<\/p>\n<p style=\"text-align: justify;\"><strong>Le programme de pr\u00e9jeunes<\/strong>\u00a0 est un programme \u00e9ducatif qui vise \u00e0 aider les enfants de 11 \u00e0 15 ans \u00e0 d\u00e9velopper leurs capacit\u00e9s et talents propres, leurs qualit\u00e9s spiritualit\u00e9s et leur conscience sociale. Le service est un \u00e9l\u00e9ment central du programme, et les pr\u00e9jeunes sont encourag\u00e9s \u00e0 s&rsquo;engager dans des activit\u00e9s pour le bien de leur communaut\u00e9 ou de leur quartier.<\/p>\n<p>Les prejeunes r\u00e9fl\u00e9chissent ensemble aux besoins sp\u00e9cifiques de leur quartier et mettent en \u0153uvre des activit\u00e9s diverses, comme par exemple :<\/p>\n<ul>\n<li>Aider les personnes \u00e2g\u00e9es ou handicap\u00e9es<\/li>\n<li>Participer \u00e0 des actions de nettoyage ou de recyclage<\/li>\n<li>Soutenir des causes humanitaires<\/li>\n<li>S&rsquo;engager dans des activit\u00e9s de sensibilisation<\/li>\n<li>Etc.<\/li>\n<\/ul>\n<p style=\"text-align: justify;\">Le service est une occasion pour les pr\u00e9jeunes d&rsquo;apprendre \u00e0 se soucier des autres et de contribuer \u00e0 un monde meilleur. Plus d\u2019information sur ce programme <a href=\"http:\/\/bahai.be\/fr\/what-we-do\/#junior\">ici<\/a><\/p>\n","protected":false},"excerpt":{"rendered":"<p>Brussel \u2013 17 septembre 2023 &#8211; Le 16 septembre dernier, \u00e0 l\u2019occasion de la Journ\u00e9e mondiale et citoyenne de la Propret\u00e9 2023 (World Cleanup Day) une trentaine de jeunes de nos classes d\u2019enfants et des groupes de pr\u00e9jeunes des communes de Bruxelles et Ixelles ont arpent\u00e9 les rues dans le cadre d\u2019une grande op\u00e9ration de nettoyage. &nbsp; &nbsp; \u00ab\u00a0L&rsquo;am\u00e9lioration du monde peut s&rsquo;accomplir par des actes purs et bons \u00bb. Cette citation de Baha&rsquo;u&rsquo;llah, le fondateur de la foi bah\u00e1\u2019\u00ede, inscrite sur leurs gilets, rappelaient aux enfants que par des actes de service aussi petits soient-ils, ils peuvent contribuer de mani\u00e8re concr\u00e8te au bien-\u00eatre physique de leurs communaut\u00e9s, qu\u2019ils sont acteurs du changement. &nbsp; &nbsp; Cette op\u00e9ration de nettoyage, initi\u00e9e par les autorit\u00e9s de la ville, a \u00e9t\u00e9 accueillie tr\u00e8s positivement par les habitants, parfois surpris par tant d\u2019enthousiasme de la part de nos jeunes. Ce type d\u2019actions permet ainsi&#8230;<\/p>\n","protected":false},"author":3,"featured_media":0,"comment_status":"open","ping_status":"closed","sticky":false,"template":"","format":"standard","meta":{"footnotes":""},"categories":[119],"tags":[],"class_list":["post-19080","post","type-post","status-publish","format-standard","hentry","category-belgium"],"_links":{"self":[{"href":"https:\/\/bahai.be\/fr\/wp-json\/wp\/v2\/posts\/19080","targetHints":{"allow":["GET"]}}],"collection":[{"href":"https:\/\/bahai.be\/fr\/wp-json\/wp\/v2\/posts"}],"about":[{"href":"https:\/\/bahai.be\/fr\/wp-json\/wp\/v2\/types\/post"}],"author":[{"embeddable":true,"href":"https:\/\/bahai.be\/fr\/wp-json\/wp\/v2\/users\/3"}],"replies":[{"embeddable":true,"href":"https:\/\/bahai.be\/fr\/wp-json\/wp\/v2\/comments?post=19080"}],"version-history":[{"count":4,"href":"https:\/\/bahai.be\/fr\/wp-json\/wp\/v2\/posts\/19080\/revisions"}],"predecessor-version":[{"id":19118,"href":"https:\/\/bahai.be\/fr\/wp-json\/wp\/v2\/posts\/19080\/revisions\/19118"}],"wp:attachment":[{"href":"https:\/\/bahai.be\/fr\/wp-json\/wp\/v2\/media?parent=19080"}],"wp:term":[{"taxonomy":"category","embeddable":true,"href":"https:\/\/bahai.be\/fr\/wp-json\/wp\/v2\/categories?post=19080"},{"taxonomy":"post_tag","embeddable":true,"href":"https:\/\/bahai.be\/fr\/wp-json\/wp\/v2\/tags?post=19080"}],"curies":[{"name":"wp","href":"https:\/\/api.w.org\/{rel}","templated":true}]}}