{"id":19206,"date":"2023-09-04T14:02:03","date_gmt":"2023-09-04T14:02:03","guid":{"rendered":"http:\/\/bahai.be\/?p=19206"},"modified":"2023-10-24T14:18:39","modified_gmt":"2023-10-24T14:18:39","slug":"liege-weekend-retrouvailles","status":"publish","type":"post","link":"https:\/\/bahai.be\/fr\/liege-weekend-retrouvailles\/","title":{"rendered":"Li\u00e8ge, weekend \u00ab\u00a0Retrouvailles\u00a0\u00bb"},"content":{"rendered":"<p><img loading=\"lazy\" decoding=\"async\" class=\"wp-image-19207 size-medium alignright\" src=\"http:\/\/bahai.be\/wp-content\/uploads\/2023\/10\/retrouvailles-300x225.jpg\" alt=\"\" width=\"300\" height=\"225\" srcset=\"https:\/\/bahai.be\/wp-content\/uploads\/2023\/10\/retrouvailles-300x225.jpg 300w, https:\/\/bahai.be\/wp-content\/uploads\/2023\/10\/retrouvailles-1024x768.jpg 1024w, https:\/\/bahai.be\/wp-content\/uploads\/2023\/10\/retrouvailles-768x576.jpg 768w, https:\/\/bahai.be\/wp-content\/uploads\/2023\/10\/retrouvailles-1536x1152.jpg 1536w, https:\/\/bahai.be\/wp-content\/uploads\/2023\/10\/retrouvailles-2048x1536.jpg 2048w, https:\/\/bahai.be\/wp-content\/uploads\/2023\/10\/retrouvailles-800x600.jpg 800w, https:\/\/bahai.be\/wp-content\/uploads\/2023\/10\/retrouvailles-700x525.jpg 700w\" sizes=\"auto, (max-width: 300px) 100vw, 300px\" \/><\/p>\n<p style=\"text-align: justify;\">LI\u00c9GE &#8211; Les 2 et 3 septembre derniers, la ville de Li\u00e8ge a organis\u00e9 au parc de la Boverie une manifestation socio-culturelle \u00ab\u00a0<a href=\"https:\/\/retrouvailles.be\/fr\">Retrouvailles<\/a>\u00a0\u00bb . La manifestation accueille le 1er weekend de septembre de chaque ann\u00e9e une centaine d\u2019exposants du milieu associatif et pr\u00e8s de 30.000 visiteurs.<\/p>\n<p style=\"text-align: justify;\">Depuis 30 ans, les bah\u00e1\u2019\u00eds de Li\u00e8ge participent \u00e0 cette activit\u00e9 qui offre la possibilit\u00e9 au public de d\u00e9couvrir la foi et les actions concr\u00e8tes que m\u00e8nent les bah\u00e1\u2019\u00eds en faveur de l\u2019unit\u00e9, de la justice et de la paix dans le monde. Cette ann\u00e9e encore, le stand tenu par nos amis de Li\u00e8ge a permis de belles rencontres et des \u00e9changes sur des questions aussi vari\u00e9es que pertinentes.<\/p>\n<p>&nbsp;<\/p>\n<p>&nbsp;<\/p>\n<p><img loading=\"lazy\" decoding=\"async\" class=\"size-medium wp-image-19212 alignleft\" src=\"http:\/\/bahai.be\/wp-content\/uploads\/2023\/10\/PHOTO-2-CAUSERIE-300x226.jpg\" alt=\"\" width=\"300\" height=\"226\" srcset=\"https:\/\/bahai.be\/wp-content\/uploads\/2023\/10\/PHOTO-2-CAUSERIE-300x226.jpg 300w, https:\/\/bahai.be\/wp-content\/uploads\/2023\/10\/PHOTO-2-CAUSERIE-1024x771.jpg 1024w, https:\/\/bahai.be\/wp-content\/uploads\/2023\/10\/PHOTO-2-CAUSERIE-768x578.jpg 768w, https:\/\/bahai.be\/wp-content\/uploads\/2023\/10\/PHOTO-2-CAUSERIE-1536x1157.jpg 1536w, https:\/\/bahai.be\/wp-content\/uploads\/2023\/10\/PHOTO-2-CAUSERIE-2048x1542.jpg 2048w, https:\/\/bahai.be\/wp-content\/uploads\/2023\/10\/PHOTO-2-CAUSERIE-800x600.jpg 800w, https:\/\/bahai.be\/wp-content\/uploads\/2023\/10\/PHOTO-2-CAUSERIE-700x527.jpg 700w\" sizes=\"auto, (max-width: 300px) 100vw, 300px\" \/><\/p>\n<p>Faisant suite \u00e0 cette manifestation, une \u00ab Causerie \u00bb s\u2019est tenue le 8 septembre et a accueilli une vingtaine de participants autour du th\u00e8me : \u00ab Sur le sentier du nouvel ordre mondial &#8211; Une perspective bah\u00e1&rsquo;\u00ede \u00bb abordant une s\u00e9rie de questions soci\u00e9tales telles que la mont\u00e9e des in\u00e9galit\u00e9s, le r\u00e9chauffement climatique, les conflits, le racisme, le fondamentalisme religieux, etc., et la prise de conscience de leur dimension globale par la soci\u00e9t\u00e9. S\u2019ensuivit une r\u00e9flexion sur quelle r\u00e9ponse chacun de nous pouvait y apporter, concourant ainsi \u00e0 l\u2019aboutissement d\u2019une paix universelle durable.<\/p>\n<p>&nbsp;<\/p>\n","protected":false},"excerpt":{"rendered":"<p>LI\u00c9GE &#8211; Les 2 et 3 septembre derniers, la ville de Li\u00e8ge a organis\u00e9 au parc de la Boverie une manifestation socio-culturelle \u00ab\u00a0Retrouvailles\u00a0\u00bb . La manifestation accueille le 1er weekend de septembre de chaque ann\u00e9e une centaine d\u2019exposants du milieu associatif et pr\u00e8s de 30.000 visiteurs. Depuis 30 ans, les bah\u00e1\u2019\u00eds de Li\u00e8ge participent \u00e0 cette activit\u00e9 qui offre la possibilit\u00e9 au public de d\u00e9couvrir la foi et les actions concr\u00e8tes que m\u00e8nent les bah\u00e1\u2019\u00eds en faveur de l\u2019unit\u00e9, de la justice et de la paix dans le monde. Cette ann\u00e9e encore, le stand tenu par nos amis de Li\u00e8ge a permis de belles rencontres et des \u00e9changes sur des questions aussi vari\u00e9es que pertinentes. &nbsp; &nbsp; Faisant suite \u00e0 cette manifestation, une \u00ab Causerie \u00bb s\u2019est tenue le 8 septembre et a accueilli une vingtaine de participants autour du th\u00e8me : \u00ab Sur le sentier du nouvel ordre mondial&#8230;<\/p>\n","protected":false},"author":3,"featured_media":0,"comment_status":"open","ping_status":"closed","sticky":false,"template":"","format":"standard","meta":{"footnotes":""},"categories":[119],"tags":[],"class_list":["post-19206","post","type-post","status-publish","format-standard","hentry","category-belgium"],"_links":{"self":[{"href":"https:\/\/bahai.be\/fr\/wp-json\/wp\/v2\/posts\/19206","targetHints":{"allow":["GET"]}}],"collection":[{"href":"https:\/\/bahai.be\/fr\/wp-json\/wp\/v2\/posts"}],"about":[{"href":"https:\/\/bahai.be\/fr\/wp-json\/wp\/v2\/types\/post"}],"author":[{"embeddable":true,"href":"https:\/\/bahai.be\/fr\/wp-json\/wp\/v2\/users\/3"}],"replies":[{"embeddable":true,"href":"https:\/\/bahai.be\/fr\/wp-json\/wp\/v2\/comments?post=19206"}],"version-history":[{"count":2,"href":"https:\/\/bahai.be\/fr\/wp-json\/wp\/v2\/posts\/19206\/revisions"}],"predecessor-version":[{"id":19220,"href":"https:\/\/bahai.be\/fr\/wp-json\/wp\/v2\/posts\/19206\/revisions\/19220"}],"wp:attachment":[{"href":"https:\/\/bahai.be\/fr\/wp-json\/wp\/v2\/media?parent=19206"}],"wp:term":[{"taxonomy":"category","embeddable":true,"href":"https:\/\/bahai.be\/fr\/wp-json\/wp\/v2\/categories?post=19206"},{"taxonomy":"post_tag","embeddable":true,"href":"https:\/\/bahai.be\/fr\/wp-json\/wp\/v2\/tags?post=19206"}],"curies":[{"name":"wp","href":"https:\/\/api.w.org\/{rel}","templated":true}]}}