{"id":19009,"date":"2022-09-19T14:55:07","date_gmt":"2022-09-19T14:55:07","guid":{"rendered":"http:\/\/bahai.be\/?p=19009"},"modified":"2023-10-25T12:45:57","modified_gmt":"2023-10-25T12:45:57","slug":"bericht-aan-emir-van-qatar-slechts-enkele-weken-voor-wk-stop-met-zwarte-lijst-en-discriminatie-van-bahais","status":"publish","type":"post","link":"https:\/\/bahai.be\/nl\/bericht-aan-emir-van-qatar-slechts-enkele-weken-voor-wk-stop-met-zwarte-lijst-en-discriminatie-van-bahais\/","title":{"rendered":"Bericht aan Emir van Qatar slechts enkele weken voor WK: Stop met zwarte lijst en discriminatie van bah\u00e1&#8217;\u00eds"},"content":{"rendered":"<p style=\"text-align: justify;\"><span style=\"font-family: Gill Sans MT, serif;\"><span style=\"font-size: medium;\"><span style=\"font-family: Calibri, serif;\"><span lang=\"nl-NL\"><img loading=\"lazy\" decoding=\"async\" class=\"size-medium wp-image-19023 alignleft\" src=\"http:\/\/bahai.be\/wp-content\/uploads\/2022\/09\/twitterQatar-300x300.jpg\" alt=\"\" width=\"300\" height=\"300\" srcset=\"https:\/\/bahai.be\/wp-content\/uploads\/2022\/09\/twitterQatar-300x300.jpg 300w, https:\/\/bahai.be\/wp-content\/uploads\/2022\/09\/twitterQatar-1024x1022.jpg 1024w, https:\/\/bahai.be\/wp-content\/uploads\/2022\/09\/twitterQatar-150x150.jpg 150w, https:\/\/bahai.be\/wp-content\/uploads\/2022\/09\/twitterQatar-768x767.jpg 768w, https:\/\/bahai.be\/wp-content\/uploads\/2022\/09\/twitterQatar-570x570.jpg 570w, https:\/\/bahai.be\/wp-content\/uploads\/2022\/09\/twitterQatar-500x500.jpg 500w, https:\/\/bahai.be\/wp-content\/uploads\/2022\/09\/twitterQatar-1000x1000.jpg 1000w, https:\/\/bahai.be\/wp-content\/uploads\/2022\/09\/twitterQatar-700x699.jpg 700w, https:\/\/bahai.be\/wp-content\/uploads\/2022\/09\/twitterQatar.jpg 1214w\" sizes=\"auto, (max-width: 300px) 100vw, 300px\" \/>BRUSSEL &#8211; 16 september 2022 \u2013 De bah\u00e1&#8217;\u00ed-gemeenschap van Belgi\u00eb heeft gisteren een brief bezorgd aan Zijne Hoogheid Sheikh Tamim Bin Hamad Al Thani, de Emir van de staat Qatar, waarin we onze bezorgdheid uiten over de discriminatie, beperkingen en mensenrechtenschendingen die bah\u00e1\u2019\u00eds in Qatar al tientallen jaren ondergaan, en vraagt hem om te interveni\u00ebren namens onze geloofsgenoten in zijn land.<\/span><\/span><\/span><\/span><\/p>\n<p style=\"text-align: justify;\"><span style=\"font-family: Gill Sans MT, serif;\"><span style=\"font-size: medium;\"><span style=\"font-family: Calibri, serif;\"><span lang=\"nl-NL\">De brief is door vertegenwoordigers van de Belgische Bah\u00e1\u2019\u00ed-gemeenschap bezorgd bij de ambassade van Qatar in Brussel.<\/span><\/span><\/span><\/span><\/p>\n<p style=\"text-align: justify;\"><span style=\"font-family: Gill Sans MT, serif;\"><span style=\"font-size: medium;\"><span style=\"font-family: Calibri, serif;\"><span lang=\"nl-NL\">Na het vaststellen van toegenomen discriminatie en beperkingen jegens de bah\u00e1&#8217;\u00ed-gemeenschap in Qatar hebben wij deze actie ondernomen. Miljoenen bah\u00e1\u2019\u00eds leven in bijna elk land van de wereld en we zien onszelf als een wereldwijde gemeenschap die werkt aan het welzijn van \u00e9\u00e9n gemeenschappelijk menselijk ras.<\/span><\/span><\/span><\/span><\/p>\n<p style=\"text-align: justify;\">\u201c<span style=\"font-family: Gill Sans MT, serif;\"><span style=\"font-size: medium;\"><span style=\"font-family: Calibri, serif;\"><span lang=\"nl-NL\">Jarenlang zien we een alarmerend patroon van discriminatie en mensenrechtenschendingen tegen de bah\u00e1\u2019\u00eds in Qatar\u201d, zegt Annemie Vanormelingen, een vertegenwoordiger van de Belgische Bah\u00e1\u2019\u00ed-gemeenschap. \u201cDoor deze bezorgdheid schriftelijk over te brengen aan de emir van de staat Qatar, geven we de ernst van dit moment aan. We lopen het gevaar de verdwijning te zien van weer een andere religieuze minderheid uit een land in het Midden-Oosten. Alle bah\u00e1\u2019\u00eds in Belgi\u00eb hopen dat Hoge Hoogheid, de Emir, namens hun onschuldige broeders en zusters kan ingrijpen voordat ze uit zijn land worden verwijderd.\u201d<\/span><\/span><\/span><\/span><\/p>\n<p style=\"text-align: justify;\"><span style=\"font-family: Gill Sans MT, serif;\"><span style=\"font-size: medium;\"><span style=\"font-family: Calibri, serif;\"><span lang=\"nl-NL\">Bah\u00e1&#8217;\u00eds wonen al meer dan 70 jaar in Qatar, daterend van v\u00f3\u00f3r de onafhankelijkheid van de staat Qatar, maar ondanks deze lange aanwezigheid hebben ze tientallen jaren te maken gehad met discriminatie.<\/span><\/span><\/span><\/span><\/p>\n<p style=\"text-align: justify;\"><span style=\"font-family: Gill Sans MT, serif;\"><span style=\"font-size: medium;\"><span style=\"font-family: Calibri, serif;\"><span lang=\"nl-NL\">De Qatarese autoriteiten hebben jarenlang systematisch geprobeerd om bah\u00e1\u2019\u00eds uit Qatar te verwijderen door ze op de zwarte lijst te zetten en te deporteren, en hen zakelijke licenties of werkvergunningen te weigeren, zelfs als ze al werkaanbiedingen hadden gekregen van Qatarese bedrijven. Aan een aantal bah\u00e1&#8217;\u00eds is ook &#8220;een bewijs van goed gedrag&#8221; geweigerd &#8211; ondanks dat ze niets verkeerd hebben gedaan &#8211; wat hen vervolgens diskwalificeert voor werk of andere aspecten van het leven.<\/span><\/span><\/span><\/span><\/p>\n<p style=\"text-align: justify;\"><span style=\"font-family: Gill Sans MT, serif;\"><span style=\"font-size: medium;\"><span style=\"font-family: Calibri, serif;\"><span lang=\"nl-NL\">Een paar bah\u00e1\u2019\u00eds in Qatar zijn zelfs geconfronteerd met niet-gespecificeerde en valse strafrechtelijke en nationale veiligheidsaanklachten.<\/span><\/span><\/span><\/span><\/p>\n<p style=\"text-align: justify;\"><span style=\"font-family: Gill Sans MT, serif;\"><span style=\"font-size: medium;\"><span style=\"font-family: Calibri, serif;\"><span lang=\"nl-NL\">Door de zwarte lijsten en uitzettingen zijn getrouwde stellen en gezinnen van elkaar gescheiden en hebben sommige Qatarese burgers hun thuisland moeten verlaten om niet gescheiden te worden van hun niet-Qatarese echtgenoten.<\/span><\/span><\/span><\/span><\/p>\n<p style=\"text-align: justify;\"><span style=\"font-family: Gill Sans MT, serif;\"><span style=\"font-size: medium;\"><span style=\"font-family: Calibri, serif;\"><span lang=\"nl-NL\">Bah\u00e1&#8217;\u00eds in Qatar mogen ook niet werken in &#8220;gevoelige&#8221; sectoren, met name in de onderwijssector, ondanks het feit dat ze decennialang gewerkt en bijgedragen hebben aan de medische sector, het bankwezen, de techniek, sport, media, ondernemerschap, openbaar beleid, olie en gas, ambachten, het rechtssysteem, gezondheid en veiligheid en de kunsten.<\/span><\/span><\/span><\/span><\/p>\n<p style=\"text-align: justify;\"><span style=\"font-family: Gill Sans MT, serif;\"><span style=\"font-size: medium;\"><span style=\"font-family: Calibri, serif;\"><span lang=\"nl-NL\">De discriminatie vertoont een opvallende gelijkenis met de behandeling die bah\u00e1\u2019\u00eds ondergaan in Iran en Jemen. De meeste bah\u00e1\u2019\u00eds in Qatar die op de zwarte lijst voor deportatie zijn geplaatst, zijn geboren en getogen in het land, in families die er al generaties lang wonen en geen ander thuis hebben gekend.<\/span><\/span><\/span><\/span><\/p>\n<p style=\"text-align: justify;\"><span style=\"font-family: Gill Sans MT, serif;\"><span style=\"font-size: medium;\"><span style=\"font-family: Calibri, serif;\"><span lang=\"nl-NL\">Een rapport uit 2019 van de Speciale VN-rapporteurs over minderhedenkwesties en vrijheid van godsdienst of levensovertuiging geeft aan dat Qatar \u201cde mensenrechten op het gebied van religie en cultuur ondermijnde\u201d, verwijzend naar de situatie van de bah\u00e1\u2019\u00eds, in \u201cwat een verontrustend patroon van discriminatie van individuen op grond van hun godsdienst of overtuiging lijkt te zijn\u201d.<\/span><\/span><\/span><\/span><\/p>\n<p style=\"text-align: justify;\"><span style=\"font-family: Gill Sans MT, serif;\"><span style=\"font-size: medium;\"><span style=\"font-family: Calibri, serif;\"><span lang=\"nl-NL\">De Speciale rapporteurs voegden eraan toe dat ze &#8220;vooral bezorgd&#8221; waren over &#8220;de deportatie en plaatsing op de zwarte lijst van individuen op basis van hun aanhang tot een minderheidsreligie&#8221;.<\/span><\/span><\/span><\/span><\/p>\n<p style=\"text-align: justify;\"><span style=\"font-family: Gill Sans MT, serif;\"><span style=\"font-size: medium;\"><span style=\"font-family: Calibri, serif;\"><span lang=\"nl-NL\">En eerder dit jaar, in juni, stond in een factsheet van de United States Commission on International Religious Freedom dat \u201cde bah\u00e1\u2019\u00ed-gemeenschap in Qatar wordt geconfronteerd met beperkingen op de vrijheid van godsdienst of overtuiging die steeds systematischer worden\u201d.<\/span><\/span><\/span><\/span><\/p>\n<p style=\"text-align: justify;\">\n","protected":false},"excerpt":{"rendered":"<p>BRUSSEL &#8211; 16 september 2022 \u2013 De bah\u00e1&#8217;\u00ed-gemeenschap van Belgi\u00eb heeft gisteren een brief bezorgd aan Zijne Hoogheid Sheikh Tamim Bin Hamad Al Thani, de Emir van de staat Qatar, waarin we onze bezorgdheid uiten over de discriminatie, beperkingen en mensenrechtenschendingen die bah\u00e1\u2019\u00eds in Qatar al tientallen jaren ondergaan, en vraagt hem om te interveni\u00ebren namens onze geloofsgenoten in zijn land. De brief is door vertegenwoordigers van de Belgische Bah\u00e1\u2019\u00ed-gemeenschap bezorgd bij de ambassade van Qatar in Brussel. Na het vaststellen van toegenomen discriminatie en beperkingen jegens de bah\u00e1&#8217;\u00ed-gemeenschap in Qatar hebben wij deze actie ondernomen. Miljoenen bah\u00e1\u2019\u00eds leven in bijna elk land van de wereld en we zien onszelf als een wereldwijde gemeenschap die werkt aan het welzijn van \u00e9\u00e9n gemeenschappelijk menselijk ras. \u201cJarenlang zien we een alarmerend patroon van discriminatie en mensenrechtenschendingen tegen de bah\u00e1\u2019\u00eds in Qatar\u201d, zegt Annemie Vanormelingen, een vertegenwoordiger van de Belgische Bah\u00e1\u2019\u00ed-gemeenschap. \u201cDoor deze&#8230;<\/p>\n","protected":false},"author":1,"featured_media":0,"comment_status":"open","ping_status":"closed","sticky":false,"template":"","format":"standard","meta":{"footnotes":""},"categories":[121,117],"tags":[],"class_list":["post-19009","post","type-post","status-publish","format-standard","hentry","category-belgie","category-internationale"],"_links":{"self":[{"href":"https:\/\/bahai.be\/nl\/wp-json\/wp\/v2\/posts\/19009","targetHints":{"allow":["GET"]}}],"collection":[{"href":"https:\/\/bahai.be\/nl\/wp-json\/wp\/v2\/posts"}],"about":[{"href":"https:\/\/bahai.be\/nl\/wp-json\/wp\/v2\/types\/post"}],"author":[{"embeddable":true,"href":"https:\/\/bahai.be\/nl\/wp-json\/wp\/v2\/users\/1"}],"replies":[{"embeddable":true,"href":"https:\/\/bahai.be\/nl\/wp-json\/wp\/v2\/comments?post=19009"}],"version-history":[{"count":6,"href":"https:\/\/bahai.be\/nl\/wp-json\/wp\/v2\/posts\/19009\/revisions"}],"predecessor-version":[{"id":19241,"href":"https:\/\/bahai.be\/nl\/wp-json\/wp\/v2\/posts\/19009\/revisions\/19241"}],"wp:attachment":[{"href":"https:\/\/bahai.be\/nl\/wp-json\/wp\/v2\/media?parent=19009"}],"wp:term":[{"taxonomy":"category","embeddable":true,"href":"https:\/\/bahai.be\/nl\/wp-json\/wp\/v2\/categories?post=19009"},{"taxonomy":"post_tag","embeddable":true,"href":"https:\/\/bahai.be\/nl\/wp-json\/wp\/v2\/tags?post=19009"}],"curies":[{"name":"wp","href":"https:\/\/api.w.org\/{rel}","templated":true}]}}