{"id":19223,"date":"2023-09-04T14:22:57","date_gmt":"2023-09-04T14:22:57","guid":{"rendered":"http:\/\/bahai.be\/?p=19223"},"modified":"2023-10-24T14:28:49","modified_gmt":"2023-10-24T14:28:49","slug":"luik-retrouvailles-weekend","status":"publish","type":"post","link":"https:\/\/bahai.be\/nl\/luik-retrouvailles-weekend\/","title":{"rendered":"Luik, &#8220;Retrouvailles&#8221; weekend"},"content":{"rendered":"<p style=\"text-align: justify;\"><img loading=\"lazy\" decoding=\"async\" class=\"size-medium wp-image-19208 alignright\" src=\"http:\/\/bahai.be\/wp-content\/uploads\/2023\/10\/retrouvailles-300x225.jpg\" alt=\"\" width=\"300\" height=\"225\" srcset=\"https:\/\/bahai.be\/wp-content\/uploads\/2023\/10\/retrouvailles-300x225.jpg 300w, https:\/\/bahai.be\/wp-content\/uploads\/2023\/10\/retrouvailles-1024x768.jpg 1024w, https:\/\/bahai.be\/wp-content\/uploads\/2023\/10\/retrouvailles-768x576.jpg 768w, https:\/\/bahai.be\/wp-content\/uploads\/2023\/10\/retrouvailles-1536x1152.jpg 1536w, https:\/\/bahai.be\/wp-content\/uploads\/2023\/10\/retrouvailles-2048x1536.jpg 2048w, https:\/\/bahai.be\/wp-content\/uploads\/2023\/10\/retrouvailles-800x600.jpg 800w, https:\/\/bahai.be\/wp-content\/uploads\/2023\/10\/retrouvailles-700x525.jpg 700w\" sizes=\"auto, (max-width: 300px) 100vw, 300px\" \/>LUIK &#8211; Op 2 en 3 september organiseerde de stad Luik een sociaal en cultureel evenement genaamd &#8220;<a href=\"https:\/\/retrouvailles.be\/fr\">Retrouvailles<\/a>&#8221; in het Parc de la Boverie. Dit evenement, dat elk jaar in het 1e weekend van september plaatsvindt, trekt een honderdtal exposanten van verenigingen en bijna 30.000 bezoekers.<\/p>\n<p style=\"text-align: justify;\">Al 30 jaar nemen de Luikse bah\u00e1&#8217;\u00eds deel aan dit evenement dat het publiek de kans biedt om het geloof en de concrete acties van de bah\u00e1&#8217;\u00eds voor eenheid, rechtvaardigheid en vrede in de wereld te ontdekken. Ook dit jaar bood de stand van onze Luikse vrienden de gelegenheid om elkaar te ontmoeten en van gedachten te wisselen over een groot aantal relevante onderwerpen.<\/p>\n<p>&nbsp;<\/p>\n<p>&nbsp;<\/p>\n<p style=\"text-align: justify;\"><img loading=\"lazy\" decoding=\"async\" class=\"size-medium wp-image-19213 alignleft\" src=\"http:\/\/bahai.be\/wp-content\/uploads\/2023\/10\/PHOTO-2-CAUSERIE-300x226.jpg\" alt=\"\" width=\"300\" height=\"226\" srcset=\"https:\/\/bahai.be\/wp-content\/uploads\/2023\/10\/PHOTO-2-CAUSERIE-300x226.jpg 300w, https:\/\/bahai.be\/wp-content\/uploads\/2023\/10\/PHOTO-2-CAUSERIE-1024x771.jpg 1024w, https:\/\/bahai.be\/wp-content\/uploads\/2023\/10\/PHOTO-2-CAUSERIE-768x578.jpg 768w, https:\/\/bahai.be\/wp-content\/uploads\/2023\/10\/PHOTO-2-CAUSERIE-1536x1157.jpg 1536w, https:\/\/bahai.be\/wp-content\/uploads\/2023\/10\/PHOTO-2-CAUSERIE-2048x1542.jpg 2048w, https:\/\/bahai.be\/wp-content\/uploads\/2023\/10\/PHOTO-2-CAUSERIE-800x600.jpg 800w, https:\/\/bahai.be\/wp-content\/uploads\/2023\/10\/PHOTO-2-CAUSERIE-700x527.jpg 700w\" sizes=\"auto, (max-width: 300px) 100vw, 300px\" \/>In navolging op dit evenement werd op 8 september een voordracht gehouden, bijgewoond door ongeveer twintig deelnemers, over het thema &#8220;Op weg naar de nieuwe wereldorde &#8211; een bah\u00e1&#8217;\u00ed-perspectief&#8221;, waarin een reeks maatschappelijke kwesties aan de orde kwamen, zoals toenemende ongelijkheid, opwarming van de aarde, conflicten, racisme, religieus fundamentalisme, enzovoort, en het bewustzijn van de samenleving van haar mondiale dimensie. Dit werd gevolgd door een reflectie over hoe ieder van ons zou kunnen reageren op deze kwesties, om zo bij te dragen aan het bereiken van duurzame universele vrede.<\/p>\n<p>&nbsp;<\/p>\n","protected":false},"excerpt":{"rendered":"<p>LUIK &#8211; Op 2 en 3 september organiseerde de stad Luik een sociaal en cultureel evenement genaamd &#8220;Retrouvailles&#8221; in het Parc de la Boverie. Dit evenement, dat elk jaar in het 1e weekend van september plaatsvindt, trekt een honderdtal exposanten van verenigingen en bijna 30.000 bezoekers. Al 30 jaar nemen de Luikse bah\u00e1&#8217;\u00eds deel aan dit evenement dat het publiek de kans biedt om het geloof en de concrete acties van de bah\u00e1&#8217;\u00eds voor eenheid, rechtvaardigheid en vrede in de wereld te ontdekken. Ook dit jaar bood de stand van onze Luikse vrienden de gelegenheid om elkaar te ontmoeten en van gedachten te wisselen over een groot aantal relevante onderwerpen. &nbsp; &nbsp; In navolging op dit evenement werd op 8 september een voordracht gehouden, bijgewoond door ongeveer twintig deelnemers, over het thema &#8220;Op weg naar de nieuwe wereldorde &#8211; een bah\u00e1&#8217;\u00ed-perspectief&#8221;, waarin een reeks maatschappelijke kwesties aan de orde kwamen,&#8230;<\/p>\n","protected":false},"author":3,"featured_media":0,"comment_status":"open","ping_status":"closed","sticky":false,"template":"","format":"standard","meta":{"footnotes":""},"categories":[65],"tags":[],"class_list":["post-19223","post","type-post","status-publish","format-standard","hentry","category-geen-onderdeel-van-een-categorie"],"_links":{"self":[{"href":"https:\/\/bahai.be\/nl\/wp-json\/wp\/v2\/posts\/19223","targetHints":{"allow":["GET"]}}],"collection":[{"href":"https:\/\/bahai.be\/nl\/wp-json\/wp\/v2\/posts"}],"about":[{"href":"https:\/\/bahai.be\/nl\/wp-json\/wp\/v2\/types\/post"}],"author":[{"embeddable":true,"href":"https:\/\/bahai.be\/nl\/wp-json\/wp\/v2\/users\/3"}],"replies":[{"embeddable":true,"href":"https:\/\/bahai.be\/nl\/wp-json\/wp\/v2\/comments?post=19223"}],"version-history":[{"count":1,"href":"https:\/\/bahai.be\/nl\/wp-json\/wp\/v2\/posts\/19223\/revisions"}],"predecessor-version":[{"id":19224,"href":"https:\/\/bahai.be\/nl\/wp-json\/wp\/v2\/posts\/19223\/revisions\/19224"}],"wp:attachment":[{"href":"https:\/\/bahai.be\/nl\/wp-json\/wp\/v2\/media?parent=19223"}],"wp:term":[{"taxonomy":"category","embeddable":true,"href":"https:\/\/bahai.be\/nl\/wp-json\/wp\/v2\/categories?post=19223"},{"taxonomy":"post_tag","embeddable":true,"href":"https:\/\/bahai.be\/nl\/wp-json\/wp\/v2\/tags?post=19223"}],"curies":[{"name":"wp","href":"https:\/\/api.w.org\/{rel}","templated":true}]}}